{"id":529,"date":"2026-01-01T10:54:26","date_gmt":"2026-01-01T09:54:26","guid":{"rendered":"https:\/\/pleszew.pttk.pl\/?p=529"},"modified":"2026-02-14T18:44:30","modified_gmt":"2026-02-14T17:44:30","slug":"kalendarz-imprez-oddzialu-na-2026-rok","status":"publish","type":"post","link":"http:\/\/pleszew.pttk.pl\/index.php\/2026\/01\/01\/kalendarz-imprez-oddzialu-na-2026-rok\/","title":{"rendered":"Kalendarz imprez Oddzia\u0142u na 2026 rok"},"content":{"rendered":"\n<figure class=\"wp-block-table\"><table><tbody><tr><td class=\"has-text-align-center\" data-align=\"center\"><strong>Data<\/strong><strong><\/strong><\/td><td><strong>Impreza<\/strong><strong><\/strong><\/td><\/tr><tr><td class=\"has-text-align-center\" data-align=\"center\">01.01.2026<\/td><td>Rajd Noworoczny na najwy\u017csze wzniesienie okolic Pleszewa<\/td><\/tr><tr><td class=\"has-text-align-center\" data-align=\"center\">14.02.2026<\/td><td>Walentynkowa wycieczka autokarowa do Poznania Zwiedzanie miasta, Ostr\u00f3w Tumski, Muzeum Pyry<\/td><\/tr><tr><td class=\"has-text-align-center\" data-align=\"center\">21.03.2026<\/td><td>Wiosenna wycieczka autokarowa na \u015al\u0105sk (kopalnia w\u0119gla Guido w Zabrzu, spacer po Nikiszowcu dzielnicy Katowic, \u015bl\u0105ski obiad)<\/td><\/tr><tr><td class=\"has-text-align-center\" data-align=\"center\">22.03.2026<\/td><td>Wiosenny spacer do kamienia w Go\u0142uchowie<\/td><\/tr><tr><td class=\"has-text-align-center\" data-align=\"center\">12.04.2026<\/td><td>Kolarski Rajd Papieski<\/td><\/tr><tr><td class=\"has-text-align-center\" data-align=\"center\">25.04.2026<\/td><td>Wycieczka autokarowa w G\u00f3ry Sowie Podziemne Miasto Os\u00f3wka, wej\u015bcie na Wielk\u0105 Sow\u0119 (KGP)<\/td><\/tr><tr><td class=\"has-text-align-center\" data-align=\"center\">16.05.2026<\/td><td>Wycieczka autokarowa w G\u00f3ry Bardzkie Sp\u0142yw pontonowy rzek\u0105 Nysa K\u0142odzka do Barda, wej\u015bcie na K\u0142odzk\u0105 G\u00f3r\u0119 (KGP)<\/td><\/tr><tr><td class=\"has-text-align-center\" data-align=\"center\">26-28.06.2026<\/td><td>Wycieczka w G\u00f3ry Orlickie i G\u00f3ry Bystrzyckie Pi\u0105tek &#8211; wyjazd z Pleszewa o godzinie 16:00 i przejazd na miejsce noclegu Sobota \u2013 przej\u015bcie piesze z Ziele\u0144ca na Velka Destna \u2013 Orlica (KGP) \u2013 Zamek Rozhledna Fesuv kopec \u2013 o\u015brodek gdzie nocujemy Niedziela \u2013 prze\u0142\u0119cz Spalona \u2013 Jagodna; Bystrzyca K\u0142odzka<\/td><\/tr><tr><td class=\"has-text-align-center\" data-align=\"center\">18.07.2026<\/td><td>Wycieczka autokarowa do Moszny (zamek) oraz Nysy (miasto oraz forty)<\/td><\/tr><tr><td class=\"has-text-align-center\" data-align=\"center\">30.08.2026<\/td><td>Wycieczka w G\u00f3ry Opawskie Wej\u015bcie na Biskupi\u0105 Kop\u0119 (KGP)<\/td><\/tr><tr><td class=\"has-text-align-center\" data-align=\"center\">03.10.2026<\/td><td>Wycieczka do Tarnowskich G\u00f3r (zwiedzanie kopalni wpisanej na list\u0119 UNESCO)<\/td><\/tr><tr><td class=\"has-text-align-center\" data-align=\"center\">05.12.2026<\/td><td>Wycieczka na Jarmark Bo\u017conarodzeniowy do Krakowa po\u0142\u0105czony ze zwiedzaniem miasta<\/td><\/tr><\/tbody><\/table><\/figure>\n\n\n\n<p>Wpisane powy\u017cej KGP oznacza szczyt z Korony G\u00f3r Polski.<\/p>\n\n\n\n<p><\/p>\n\n\n\n<p>Terminy wycieczek oraz program mog\u0105 ulec zmianie.<\/p>\n","protected":false},"excerpt":{"rendered":"<p>Data Impreza 01.01.2026 Rajd Noworoczny na najwy\u017csze wzniesienie okolic Pleszewa 14.02.2026 Walentynkowa wycieczka autokarowa do Poznania Zwiedzanie miasta, Ostr\u00f3w Tumski, Muzeum Pyry 21.03.2026 Wiosenna wycieczka autokarowa na \u015al\u0105sk (kopalnia w\u0119gla Guido w Zabrzu, spacer po Nikiszowcu dzielnicy Katowic, \u015bl\u0105ski obiad) 22.03.2026 Wiosenny spacer do kamienia w Go\u0142uchowie 12.04.2026 Kolarski Rajd Papieski 25.04.2026 Wycieczka autokarowa w [&hellip;]<\/p>\n","protected":false},"author":1,"featured_media":0,"comment_status":"open","ping_status":"open","sticky":false,"template":"","format":"standard","meta":{"footnotes":""},"categories":[1],"tags":[],"class_list":["post-529","post","type-post","status-publish","format-standard","hentry","category-informacje"],"_links":{"self":[{"href":"http:\/\/pleszew.pttk.pl\/index.php\/wp-json\/wp\/v2\/posts\/529","targetHints":{"allow":["GET"]}}],"collection":[{"href":"http:\/\/pleszew.pttk.pl\/index.php\/wp-json\/wp\/v2\/posts"}],"about":[{"href":"http:\/\/pleszew.pttk.pl\/index.php\/wp-json\/wp\/v2\/types\/post"}],"author":[{"embeddable":true,"href":"http:\/\/pleszew.pttk.pl\/index.php\/wp-json\/wp\/v2\/users\/1"}],"replies":[{"embeddable":true,"href":"http:\/\/pleszew.pttk.pl\/index.php\/wp-json\/wp\/v2\/comments?post=529"}],"version-history":[{"count":3,"href":"http:\/\/pleszew.pttk.pl\/index.php\/wp-json\/wp\/v2\/posts\/529\/revisions"}],"predecessor-version":[{"id":552,"href":"http:\/\/pleszew.pttk.pl\/index.php\/wp-json\/wp\/v2\/posts\/529\/revisions\/552"}],"wp:attachment":[{"href":"http:\/\/pleszew.pttk.pl\/index.php\/wp-json\/wp\/v2\/media?parent=529"}],"wp:term":[{"taxonomy":"category","embeddable":true,"href":"http:\/\/pleszew.pttk.pl\/index.php\/wp-json\/wp\/v2\/categories?post=529"},{"taxonomy":"post_tag","embeddable":true,"href":"http:\/\/pleszew.pttk.pl\/index.php\/wp-json\/wp\/v2\/tags?post=529"}],"curies":[{"name":"wp","href":"https:\/\/api.w.org\/{rel}","templated":true}]}}