{"id":531,"date":"2026-01-07T19:27:29","date_gmt":"2026-01-07T18:27:29","guid":{"rendered":"https:\/\/pleszew.pttk.pl\/?p=531"},"modified":"2026-01-07T19:27:29","modified_gmt":"2026-01-07T18:27:29","slug":"plan-dyzurow-na-i-polrocze-2026","status":"publish","type":"post","link":"http:\/\/pleszew.pttk.pl\/index.php\/2026\/01\/07\/plan-dyzurow-na-i-polrocze-2026\/","title":{"rendered":"Plan dy\u017cur\u00f3w na I p\u00f3\u0142rocze 2026"},"content":{"rendered":"\n<p>07.01.2026 Marcin Czerwi\u0144ski<br>14.01.2026 Miros\u0142aw Kubiak<br>21.01.2026 Emilia Wa\u0142\u0119sa<br>28.01.2026 Agnieszka Piasecka<br>04.02.2026 Miros\u0142aw Zaradny<br>11.02.2026 Marcin Czerwi\u0144ski<br>18.02.2026 Miros\u0142aw Kubiak<br>25.02.2026 Emilia Wa\u0142\u0119sa<br>04.03.2026 Agnieszka Piasecka<br>11.03.2026 Miros\u0142aw Zaradny<br>18.03.2026 Marcin Czerwi\u0144ski<br>25.03.2026 Miros\u0142aw Kubiak<br>01.04.2026 Emilia Wa\u0142\u0119sa<br>08.04.2026 Agnieszka Piasecka<br>15.04.2026 Miros\u0142aw Zaradny<br>22.04.2026 Marcin Czerwi\u0144ski<br>29.04.2026 Miros\u0142aw Kubiak<br>06.05.2026 Emilia Wa\u0142\u0119sa<br>13.05.2026 Agnieszka Piasecka<br>20.05.2026 Miros\u0142aw Zaradny<br>27.05.2026 Marcin Czerwi\u0144ski<br>03.06.2026 Miros\u0142aw Kubiak<br>10.06.2026 Emilia Wa\u0142\u0119sa<br>17.06.2026 Agnieszka Piasecka<br>24.06.2026 Miros\u0142aw Zaradny<\/p>\n","protected":false},"excerpt":{"rendered":"<p>07.01.2026 Marcin Czerwi\u0144ski14.01.2026 Miros\u0142aw Kubiak21.01.2026 Emilia Wa\u0142\u0119sa28.01.2026 Agnieszka Piasecka04.02.2026 Miros\u0142aw Zaradny11.02.2026 Marcin Czerwi\u0144ski18.02.2026 Miros\u0142aw Kubiak25.02.2026 Emilia Wa\u0142\u0119sa04.03.2026 Agnieszka Piasecka11.03.2026 Miros\u0142aw Zaradny18.03.2026 Marcin Czerwi\u0144ski25.03.2026 Miros\u0142aw Kubiak01.04.2026 Emilia Wa\u0142\u0119sa08.04.2026 Agnieszka Piasecka15.04.2026 Miros\u0142aw Zaradny22.04.2026 Marcin Czerwi\u0144ski29.04.2026 Miros\u0142aw Kubiak06.05.2026 Emilia Wa\u0142\u0119sa13.05.2026 Agnieszka Piasecka20.05.2026 Miros\u0142aw Zaradny27.05.2026 Marcin Czerwi\u0144ski03.06.2026 Miros\u0142aw Kubiak10.06.2026 Emilia Wa\u0142\u0119sa17.06.2026 Agnieszka Piasecka24.06.2026 Miros\u0142aw Zaradny<\/p>\n","protected":false},"author":1,"featured_media":0,"comment_status":"open","ping_status":"open","sticky":false,"template":"","format":"standard","meta":{"footnotes":""},"categories":[1],"tags":[],"class_list":["post-531","post","type-post","status-publish","format-standard","hentry","category-informacje"],"_links":{"self":[{"href":"http:\/\/pleszew.pttk.pl\/index.php\/wp-json\/wp\/v2\/posts\/531","targetHints":{"allow":["GET"]}}],"collection":[{"href":"http:\/\/pleszew.pttk.pl\/index.php\/wp-json\/wp\/v2\/posts"}],"about":[{"href":"http:\/\/pleszew.pttk.pl\/index.php\/wp-json\/wp\/v2\/types\/post"}],"author":[{"embeddable":true,"href":"http:\/\/pleszew.pttk.pl\/index.php\/wp-json\/wp\/v2\/users\/1"}],"replies":[{"embeddable":true,"href":"http:\/\/pleszew.pttk.pl\/index.php\/wp-json\/wp\/v2\/comments?post=531"}],"version-history":[{"count":1,"href":"http:\/\/pleszew.pttk.pl\/index.php\/wp-json\/wp\/v2\/posts\/531\/revisions"}],"predecessor-version":[{"id":532,"href":"http:\/\/pleszew.pttk.pl\/index.php\/wp-json\/wp\/v2\/posts\/531\/revisions\/532"}],"wp:attachment":[{"href":"http:\/\/pleszew.pttk.pl\/index.php\/wp-json\/wp\/v2\/media?parent=531"}],"wp:term":[{"taxonomy":"category","embeddable":true,"href":"http:\/\/pleszew.pttk.pl\/index.php\/wp-json\/wp\/v2\/categories?post=531"},{"taxonomy":"post_tag","embeddable":true,"href":"http:\/\/pleszew.pttk.pl\/index.php\/wp-json\/wp\/v2\/tags?post=531"}],"curies":[{"name":"wp","href":"https:\/\/api.w.org\/{rel}","templated":true}]}}