{"id":585,"date":"2026-09-02T11:32:07","date_gmt":"2026-09-02T09:32:07","guid":{"rendered":"https:\/\/pleszew.pttk.pl\/?p=585"},"modified":"2026-09-02T11:32:07","modified_gmt":"2026-09-02T09:32:07","slug":"wycieczka-do-zamku-moszna-i-do-nysy-17-10-2026","status":"publish","type":"post","link":"https:\/\/pleszew.pttk.pl\/index.php\/2026\/09\/02\/wycieczka-do-zamku-moszna-i-do-nysy-17-10-2026\/","title":{"rendered":"Wycieczka do Zamku Moszna i do Nysy &#8211; 17.10.2026"},"content":{"rendered":"\n<p class=\"wp-block-paragraph\">Zapraszamy na wycieczk\u0119 do Zamku Moszna i do Nysy (w tym Twierdza Prusy) w dniu 17.10.2026<\/p>\n\n\n\n<p class=\"wp-block-paragraph\">Wyjazd z Pleszewa o godz. 7.00<\/p>\n\n\n\n<p class=\"wp-block-paragraph\">Przejazd do Moszny i zwiedzanie zamku, ogrod\u00f3w i wie\u017c.<\/p>\n\n\n\n<p class=\"wp-block-paragraph\">Przejazd do Nysy i zwiedzanie fortu Prusy, spacer po mie\u015bcie gdzie zobaczymy Bastion \u015bw. Jadwigi, bazylik\u0119 \u015bw. Jakuba i \u015bw. Agnieszki.<\/p>\n\n\n\n<p class=\"wp-block-paragraph\">Powr\u00f3t do Pleszewa ok. godz. 21.00.<\/p>\n\n\n\n<p class=\"wp-block-paragraph\">cena (od osoby):<\/p>\n\n\n\n<p class=\"wp-block-paragraph\">cz\u0142onkowie PTTK: 380 z\u0142<\/p>\n\n\n\n<p class=\"wp-block-paragraph\">uczestnicy nie b\u0119d\u0105cy cz\u0142onkami PTTK: 400 z\u0142<\/p>\n\n\n\n<p class=\"wp-block-paragraph\">Cena obejmuje: przejazd, ubezpieczenie, wej\u015bcie do p\u0142atnych obiekt\u00f3w i opiek\u0119 przewodnika.<\/p>\n\n\n\n<p class=\"wp-block-paragraph\">Zapisy do dnia 18.09.2026 oraz bli\u017csze informacje mo\u017cna uzyska\u0107 w biurze Oddzia\u0142u PTTK w Pleszewie (czynne w \u015brod\u0119 19:00 \u2013 20:00). Telefon do organizatora Marcin Czerwi\u0144ski \u2013 608105444. W przypadku nie zebrania si\u0119 wystarczaj\u0105cej liczby os\u00f3b zastrzegamy mo\u017cliwo\u015b\u0107 odwo\u0142ania imprezy. Liczba miejsc bardzo ograniczona!!<\/p>\n\n\n\n<p class=\"has-small-font-size wp-block-paragraph\">Dzia\u0142alno\u015b\u0107 Oddzia\u0142u jest oparta na spo\u0142ecznej dzia\u0142alno\u015bci swoich cz\u0142onk\u00f3w. PTTK realizuje cele statutowe i zadania poprzez organizowanie i prowadzenie obs\u0142ugi wycieczek oraz innych imprez turystycznych i krajoznawczych (Statut PTTK Art. 9 punkt 2.3).<\/p>\n\n\n\n<figure class=\"wp-block-image size-large\"><img loading=\"lazy\" decoding=\"async\" width=\"683\" height=\"1024\" src=\"https:\/\/pleszew.pttk.pl\/wordpress\/wp-content\/uploads\/2026\/09\/Plakat-Moszna-683x1024.jpg\" alt=\"\" class=\"wp-image-586\" srcset=\"https:\/\/pleszew.pttk.pl\/wordpress\/wp-content\/uploads\/2026\/09\/Plakat-Moszna-683x1024.jpg 683w, https:\/\/pleszew.pttk.pl\/wordpress\/wp-content\/uploads\/2026\/09\/Plakat-Moszna-200x300.jpg 200w, https:\/\/pleszew.pttk.pl\/wordpress\/wp-content\/uploads\/2026\/09\/Plakat-Moszna-768x1152.jpg 768w, https:\/\/pleszew.pttk.pl\/wordpress\/wp-content\/uploads\/2026\/09\/Plakat-Moszna.jpg 1024w\" sizes=\"auto, (max-width: 683px) 100vw, 683px\" \/><\/figure>\n","protected":false},"excerpt":{"rendered":"<p>Zapraszamy na wycieczk\u0119 do Zamku Moszna i do Nysy (w tym Twierdza Prusy) w dniu 17.10.2026 Wyjazd z Pleszewa o godz. 7.00 Przejazd do Moszny i zwiedzanie zamku, ogrod\u00f3w i wie\u017c. Przejazd do Nysy i zwiedzanie fortu Prusy, spacer po mie\u015bcie gdzie zobaczymy Bastion \u015bw. Jadwigi, bazylik\u0119 \u015bw. Jakuba i \u015bw. Agnieszki. Powr\u00f3t do Pleszewa [&hellip;]<\/p>\n","protected":false},"author":1,"featured_media":0,"comment_status":"open","ping_status":"open","sticky":false,"template":"","format":"standard","meta":{"footnotes":""},"categories":[1],"tags":[],"class_list":["post-585","post","type-post","status-publish","format-standard","hentry","category-informacje"],"_links":{"self":[{"href":"https:\/\/pleszew.pttk.pl\/index.php\/wp-json\/wp\/v2\/posts\/585","targetHints":{"allow":["GET"]}}],"collection":[{"href":"https:\/\/pleszew.pttk.pl\/index.php\/wp-json\/wp\/v2\/posts"}],"about":[{"href":"https:\/\/pleszew.pttk.pl\/index.php\/wp-json\/wp\/v2\/types\/post"}],"author":[{"embeddable":true,"href":"https:\/\/pleszew.pttk.pl\/index.php\/wp-json\/wp\/v2\/users\/1"}],"replies":[{"embeddable":true,"href":"https:\/\/pleszew.pttk.pl\/index.php\/wp-json\/wp\/v2\/comments?post=585"}],"version-history":[{"count":1,"href":"https:\/\/pleszew.pttk.pl\/index.php\/wp-json\/wp\/v2\/posts\/585\/revisions"}],"predecessor-version":[{"id":587,"href":"https:\/\/pleszew.pttk.pl\/index.php\/wp-json\/wp\/v2\/posts\/585\/revisions\/587"}],"wp:attachment":[{"href":"https:\/\/pleszew.pttk.pl\/index.php\/wp-json\/wp\/v2\/media?parent=585"}],"wp:term":[{"taxonomy":"category","embeddable":true,"href":"https:\/\/pleszew.pttk.pl\/index.php\/wp-json\/wp\/v2\/categories?post=585"},{"taxonomy":"post_tag","embeddable":true,"href":"https:\/\/pleszew.pttk.pl\/index.php\/wp-json\/wp\/v2\/tags?post=585"}],"curies":[{"name":"wp","href":"https:\/\/api.w.org\/{rel}","templated":true}]}}