{"id":588,"date":"2026-09-02T11:33:56","date_gmt":"2026-09-02T09:33:56","guid":{"rendered":"https:\/\/pleszew.pttk.pl\/?p=588"},"modified":"2026-09-02T11:33:56","modified_gmt":"2026-09-02T09:33:56","slug":"xiii-miedzypokoleniowa-sztafeta-turystyczna-25-09-2026","status":"publish","type":"post","link":"https:\/\/pleszew.pttk.pl\/index.php\/2026\/09\/02\/xiii-miedzypokoleniowa-sztafeta-turystyczna-25-09-2026\/","title":{"rendered":"XIII Mi\u0119dzypokoleniowa Sztafeta Turystyczna &#8211; 25.09.2026"},"content":{"rendered":"\n<p class=\"wp-block-paragraph\">Zapraszamy do udzia\u0142u w XIII Mi\u0119dzypokoleniowej Sztafecie Turystycznej PTTK w dniu 25 wrze\u015bnia 2026 r. Jest to og\u00f3lnopolska inicjatywa celebruj\u0105ca \u015awiatowy Dzie\u0144 Turystyki, w ramach kt\u00f3rej jednostki organizacyjne PTTK organizuj\u0105 wydarzenia turystyczno-krajoznawcze pod wsp\u00f3lnym szyldem.<\/p>\n\n\n\n<p class=\"wp-block-paragraph\">Ide\u0105 przedsi\u0119wzi\u0119cia jest budowanie wi\u0119zi mi\u0119dzy pokoleniami poprzez wsp\u00f3lne uprawianie turystyki, odkrywanie walor\u00f3w krajoznawczych naszego kraju oraz wymian\u0119 do\u015bwiadcze\u0144 pomi\u0119dzy m\u0142odszymi i starszymi mi\u0142o\u015bnikami w\u0119drowania.<\/p>\n\n\n\n<p class=\"wp-block-paragraph\">W roku 2026 decyzj\u0105 Zarz\u0105du G\u0142\u00f3wnego obchodzimy r\u00f3wnie\u017c Rok Szlak\u00f3w PTTK dlatego nasz <a href=\"https:\/\/www.facebook.com\/pttk.pleszew?__cft__[0]=AZhWLplX_MclP1ko2qZXO51ixcwe-UpGSCm3DwQdadcpZM2h8tyu89x2sXAVmGDr15Lha3bmdChl7oTQctfyAEIppOGu4MzhSRHaRH3ukF-HO5JbWgVoGjnyy9Uuwxi_96EFL_AVU84k6CFxjQMdON0Y65WWS1grvu9RW0_UHzEx5e81IeA8-pWWjXc&amp;__tn__=-]K-R\">Oddzia\u0142 PTTK w Pleszewie<\/a> w dniu 25 wrze\u015bnia organizuje przej\u015bcie naszym szlakiem \u017c\u00f3\u0142tym przez Pleszew. Przej\u015bcie rozpoczynamy od zbi\u00f3rki o godzinie 18:30 pod restauracj\u0105 BAX ul. Mali\u0144ska 21A i przejdziemy szlakiem \u017c\u00f3\u0142tym o d\u0142ugo\u015bci 2 kilometr\u00f3w ulicami: Lipow\u0105, Pozna\u0144sk\u0105, Rynek, Kili\u0144skiego i Niesio\u0142owskiego. Szlak zosta\u0142 w tym roku odnowiony i b\u0119dzie to okazja to opowie\u015bci w\u0142a\u015bnie o szlakach <a href=\"https:\/\/www.facebook.com\/PolskieTowarzystwoTurystycznoKrajoznawcze?__cft__[0]=AZhWLplX_MclP1ko2qZXO51ixcwe-UpGSCm3DwQdadcpZM2h8tyu89x2sXAVmGDr15Lha3bmdChl7oTQctfyAEIppOGu4MzhSRHaRH3ukF-HO5JbWgVoGjnyy9Uuwxi_96EFL_AVU84k6CFxjQMdON0Y65WWS1grvu9RW0_UHzEx5e81IeA8-pWWjXc&amp;__tn__=-]K-R\">PTTK<\/a>.<\/p>\n\n\n\n<p class=\"wp-block-paragraph\">Do zobaczenia 25 wrze\u015bnia 2026 o godzinie 18:30 pod restauracj\u0105 BAX w Pleszewie.<\/p>\n\n\n\n<figure class=\"wp-block-image size-large\"><img loading=\"lazy\" decoding=\"async\" width=\"723\" height=\"1024\" src=\"https:\/\/pleszew.pttk.pl\/wordpress\/wp-content\/uploads\/2026\/09\/MSzT.Plakat.XIII_.2026-723x1024.jpg\" alt=\"\" class=\"wp-image-589\" srcset=\"https:\/\/pleszew.pttk.pl\/wordpress\/wp-content\/uploads\/2026\/09\/MSzT.Plakat.XIII_.2026-723x1024.jpg 723w, https:\/\/pleszew.pttk.pl\/wordpress\/wp-content\/uploads\/2026\/09\/MSzT.Plakat.XIII_.2026-212x300.jpg 212w, https:\/\/pleszew.pttk.pl\/wordpress\/wp-content\/uploads\/2026\/09\/MSzT.Plakat.XIII_.2026-768x1087.jpg 768w, https:\/\/pleszew.pttk.pl\/wordpress\/wp-content\/uploads\/2026\/09\/MSzT.Plakat.XIII_.2026.jpg 1054w\" sizes=\"auto, (max-width: 723px) 100vw, 723px\" \/><\/figure>\n","protected":false},"excerpt":{"rendered":"<p>Zapraszamy do udzia\u0142u w XIII Mi\u0119dzypokoleniowej Sztafecie Turystycznej PTTK w dniu 25 wrze\u015bnia 2026 r. Jest to og\u00f3lnopolska inicjatywa celebruj\u0105ca \u015awiatowy Dzie\u0144 Turystyki, w ramach kt\u00f3rej jednostki organizacyjne PTTK organizuj\u0105 wydarzenia turystyczno-krajoznawcze pod wsp\u00f3lnym szyldem. Ide\u0105 przedsi\u0119wzi\u0119cia jest budowanie wi\u0119zi mi\u0119dzy pokoleniami poprzez wsp\u00f3lne uprawianie turystyki, odkrywanie walor\u00f3w krajoznawczych naszego kraju oraz wymian\u0119 do\u015bwiadcze\u0144 pomi\u0119dzy [&hellip;]<\/p>\n","protected":false},"author":1,"featured_media":0,"comment_status":"open","ping_status":"open","sticky":false,"template":"","format":"standard","meta":{"footnotes":""},"categories":[1],"tags":[],"class_list":["post-588","post","type-post","status-publish","format-standard","hentry","category-informacje"],"_links":{"self":[{"href":"https:\/\/pleszew.pttk.pl\/index.php\/wp-json\/wp\/v2\/posts\/588","targetHints":{"allow":["GET"]}}],"collection":[{"href":"https:\/\/pleszew.pttk.pl\/index.php\/wp-json\/wp\/v2\/posts"}],"about":[{"href":"https:\/\/pleszew.pttk.pl\/index.php\/wp-json\/wp\/v2\/types\/post"}],"author":[{"embeddable":true,"href":"https:\/\/pleszew.pttk.pl\/index.php\/wp-json\/wp\/v2\/users\/1"}],"replies":[{"embeddable":true,"href":"https:\/\/pleszew.pttk.pl\/index.php\/wp-json\/wp\/v2\/comments?post=588"}],"version-history":[{"count":1,"href":"https:\/\/pleszew.pttk.pl\/index.php\/wp-json\/wp\/v2\/posts\/588\/revisions"}],"predecessor-version":[{"id":590,"href":"https:\/\/pleszew.pttk.pl\/index.php\/wp-json\/wp\/v2\/posts\/588\/revisions\/590"}],"wp:attachment":[{"href":"https:\/\/pleszew.pttk.pl\/index.php\/wp-json\/wp\/v2\/media?parent=588"}],"wp:term":[{"taxonomy":"category","embeddable":true,"href":"https:\/\/pleszew.pttk.pl\/index.php\/wp-json\/wp\/v2\/categories?post=588"},{"taxonomy":"post_tag","embeddable":true,"href":"https:\/\/pleszew.pttk.pl\/index.php\/wp-json\/wp\/v2\/tags?post=588"}],"curies":[{"name":"wp","href":"https:\/\/api.w.org\/{rel}","templated":true}]}}